{"id":10203,"date":"2026-04-08T16:09:15","date_gmt":"2026-04-08T15:09:15","guid":{"rendered":"https:\/\/novoecofirmail.erudis.pt\/?p=10203"},"modified":"2026-04-08T16:19:44","modified_gmt":"2026-04-08T15:19:44","slug":"logistica-internacional-informacao","status":"publish","type":"post","link":"https:\/\/www.ecofirmail.com\/pt\/logistica-internacional-informacao\/","title":{"rendered":"Log\u00edstica internacional: o que as empresas precisam de saber antes de exportar"},"content":{"rendered":"\t\t<div data-elementor-type=\"wp-post\" data-elementor-id=\"10203\" class=\"elementor elementor-10203\" data-elementor-post-type=\"post\">\n\t\t\t\t<div class=\"elementor-element elementor-element-a050ca6 e-con-full e-flex e-con e-parent\" data-id=\"a050ca6\" data-element_type=\"container\" data-e-type=\"container\" data-settings=\"{&quot;background_background&quot;:&quot;classic&quot;}\">\n\t\t\t\t<div class=\"elementor-element elementor-element-fb30c58 elementor-widget elementor-widget-text-editor\" data-id=\"fb30c58\" data-element_type=\"widget\" data-e-type=\"widget\" data-widget_type=\"text-editor.default\">\n\t\t\t\t<div class=\"elementor-widget-container\">\n\t\t\t\t\t\t\t\t\tIMPORT\u00c2NCIA DA MANUTEN\u00c7\u00c3O E REABILITA\u00c7\u00c3O DE INFRAESTRUTURAS HIDR\u00c1ULICAS\t\t\t\t\t\t\t\t<\/div>\n\t\t\t\t<\/div>\n\t\t\t\t<\/div>\n\t\t<div class=\"elementor-element elementor-element-0baa5e8 e-flex e-con-boxed e-con e-parent\" data-id=\"0baa5e8\" data-element_type=\"container\" data-e-type=\"container\">\n\t\t\t\t\t<div class=\"e-con-inner\">\n\t\t\t\t<div class=\"elementor-element elementor-element-043a14a elementor-widget elementor-widget-text-editor\" data-id=\"043a14a\" data-element_type=\"widget\" data-e-type=\"widget\" data-widget_type=\"text-editor.default\">\n\t\t\t\t<div class=\"elementor-widget-container\">\n\t\t\t\t\t\t\t\t\t<p class=\"p1\">A expans\u00e3o para mercados internacionais representa uma oportunidade estrat\u00e9gica para muitas empresas, mas exige uma prepara\u00e7\u00e3o rigorosa ao n\u00edvel log\u00edstico, t\u00e9cnico e operacional.<\/p><p class=\"p1\">A exporta\u00e7\u00e3o de produtos e solu\u00e7\u00f5es implica o cumprimento de requisitos legais, a adapta\u00e7\u00e3o a diferentes contextos de mercado e a gest\u00e3o eficiente de toda a cadeia log\u00edstica, desde a origem at\u00e9 ao destino final.<\/p><p class=\"p1\">Sem uma estrutura adequada, os riscos associados a atrasos, custos adicionais e n\u00e3o conformidade podem comprometer o sucesso das opera\u00e7\u00f5es.<\/p><p class=\"p1\">\u00c9 neste contexto que a log\u00edstica internacional assume um papel central, exigindo planeamento, coordena\u00e7\u00e3o e conhecimento especializado para garantir efici\u00eancia e fiabilidade.<\/p>\t\t\t\t\t\t\t\t<\/div>\n\t\t\t\t<\/div>\n\t\t\t\t\t<\/div>\n\t\t\t\t<\/div>\n\t\t<div class=\"elementor-element elementor-element-0f027e6 e-flex e-con-boxed e-con e-parent\" data-id=\"0f027e6\" data-element_type=\"container\" data-e-type=\"container\" data-settings=\"{&quot;background_background&quot;:&quot;classic&quot;}\">\n\t\t\t\t\t<div class=\"e-con-inner\">\n\t\t\t\t<div class=\"elementor-element elementor-element-fbd6cd7 animated-slow elementor-invisible elementor-widget elementor-widget-text-editor\" data-id=\"fbd6cd7\" data-element_type=\"widget\" data-e-type=\"widget\" data-settings=\"{&quot;_animation&quot;:&quot;fadeIn&quot;}\" data-widget_type=\"text-editor.default\">\n\t\t\t\t<div class=\"elementor-widget-container\">\n\t\t\t\t\t\t\t\t\tOS PRINCIPAIS DESAFIOS DA EXPORTA\u00c7\u00c3O\t\t\t\t\t\t\t\t<\/div>\n\t\t\t\t<\/div>\n\t\t\t\t<div class=\"elementor-element elementor-element-6047241 elementor-invisible elementor-widget elementor-widget-text-editor\" data-id=\"6047241\" data-element_type=\"widget\" data-e-type=\"widget\" data-settings=\"{&quot;_animation&quot;:&quot;fadeIn&quot;}\" data-widget_type=\"text-editor.default\">\n\t\t\t\t<div class=\"elementor-widget-container\">\n\t\t\t\t\t\t\t\t\t<p class=\"p1\">A exporta\u00e7\u00e3o envolve um conjunto de processos que v\u00e3o muito al\u00e9m do transporte de mercadorias.<\/p><p class=\"p1\">Cada opera\u00e7\u00e3o exige a prepara\u00e7\u00e3o de documenta\u00e7\u00e3o espec\u00edfica, o cumprimento de requisitos alfandeg\u00e1rios e a articula\u00e7\u00e3o com diferentes intervenientes, incluindo transportadores, agentes log\u00edsticos e entidades reguladoras.<\/p><p class=\"p1\">As diferen\u00e7as entre mercados, nomeadamente ao n\u00edvel legal, fiscal e t\u00e9cnico, podem introduzir complexidade adicional, exigindo uma abordagem estruturada e adaptada a cada contexto.<\/p><p class=\"p1\">A falta de planeamento ou de conhecimento t\u00e9cnico pode resultar em atrasos, penaliza\u00e7\u00f5es e dificuldades na entrada em novos mercados.<\/p><p class=\"p1\">Uma gest\u00e3o eficiente destes desafios \u00e9 essencial para garantir opera\u00e7\u00f5es seguras e bem-sucedidas.<\/p>\t\t\t\t\t\t\t\t<\/div>\n\t\t\t\t<\/div>\n\t\t\t\t\t<\/div>\n\t\t\t\t<\/div>\n\t\t<div class=\"elementor-element elementor-element-8422ff4 e-flex e-con-boxed e-con e-parent\" data-id=\"8422ff4\" data-element_type=\"container\" data-e-type=\"container\">\n\t\t\t\t\t<div class=\"e-con-inner\">\n\t\t<div class=\"elementor-element elementor-element-2c8d8e0 e-con-full e-flex e-con e-child\" data-id=\"2c8d8e0\" data-element_type=\"container\" data-e-type=\"container\">\n\t\t\t\t<div class=\"elementor-element elementor-element-098cff0 animated-slow elementor-invisible elementor-widget elementor-widget-text-editor\" data-id=\"098cff0\" data-element_type=\"widget\" data-e-type=\"widget\" data-settings=\"{&quot;_animation&quot;:&quot;fadeIn&quot;}\" data-widget_type=\"text-editor.default\">\n\t\t\t\t<div class=\"elementor-widget-container\">\n\t\t\t\t\t\t\t\t\tUMA CADEIA LOG\u00cdSTICA BEM ESTRUTURADA\t\t\t\t\t\t\t\t<\/div>\n\t\t\t\t<\/div>\n\t\t\t\t<div class=\"elementor-element elementor-element-fc0991e elementor-widget elementor-widget-text-editor\" data-id=\"fc0991e\" data-element_type=\"widget\" data-e-type=\"widget\" data-widget_type=\"text-editor.default\">\n\t\t\t\t<div class=\"elementor-widget-container\">\n\t\t\t\t\t\t\t\t\t<p class=\"p1\">A log\u00edstica internacional assenta numa cadeia de processos interligados que devem ser cuidadosamente planeados e coordenados.<\/p><p class=\"p1\">Desde a prepara\u00e7\u00e3o da carga, passando pelo transporte, armazenamento e desalfandegamento, at\u00e9 \u00e0 entrega final, cada etapa deve ser gerida com rigor para garantir a integridade dos produtos e o cumprimento dos prazos.<\/p><p class=\"p1\">A defini\u00e7\u00e3o de rotas, a escolha dos meios de transporte e a gest\u00e3o de documenta\u00e7\u00e3o s\u00e3o elementos cr\u00edticos para o sucesso das opera\u00e7\u00f5es.<\/p><p class=\"p1\">Uma cadeia log\u00edstica bem estruturada permite reduzir custos, minimizar riscos e assegurar a previsibilidade das entregas.<\/p>\t\t\t\t\t\t\t\t<\/div>\n\t\t\t\t<\/div>\n\t\t\t\t<\/div>\n\t\t\t\t\t<\/div>\n\t\t\t\t<\/div>\n\t\t<div class=\"elementor-element elementor-element-54ad43c animated-slow e-flex e-con-boxed elementor-invisible e-con e-parent\" data-id=\"54ad43c\" data-element_type=\"container\" data-e-type=\"container\" data-settings=\"{&quot;background_background&quot;:&quot;classic&quot;,&quot;animation&quot;:&quot;fadeIn&quot;}\">\n\t\t\t\t\t<div class=\"e-con-inner\">\n\t\t\t\t\t<\/div>\n\t\t\t\t<\/div>\n\t\t<div class=\"elementor-element elementor-element-294da82 e-flex e-con-boxed e-con e-parent\" data-id=\"294da82\" data-element_type=\"container\" data-e-type=\"container\">\n\t\t\t\t\t<div class=\"e-con-inner\">\n\t\t<div class=\"elementor-element elementor-element-6458672 e-con-full e-flex e-con e-child\" data-id=\"6458672\" data-element_type=\"container\" data-e-type=\"container\">\n\t\t\t\t<div class=\"elementor-element elementor-element-441bc10 animated-slow elementor-invisible elementor-widget elementor-widget-text-editor\" data-id=\"441bc10\" data-element_type=\"widget\" data-e-type=\"widget\" data-settings=\"{&quot;_animation&quot;:&quot;fadeIn&quot;}\" data-widget_type=\"text-editor.default\">\n\t\t\t\t<div class=\"elementor-widget-container\">\n\t\t\t\t\t\t\t\t\tCOORDENA\u00c7\u00c3O OPERACIONAL E CONTROLO T\u00c9CNICO\t\t\t\t\t\t\t\t<\/div>\n\t\t\t\t<\/div>\n\t\t\t\t<div class=\"elementor-element elementor-element-96b78ca elementor-widget elementor-widget-text-editor\" data-id=\"96b78ca\" data-element_type=\"widget\" data-e-type=\"widget\" data-widget_type=\"text-editor.default\">\n\t\t\t\t<div class=\"elementor-widget-container\">\n\t\t\t\t\t\t\t\t\t<p class=\"p1\">A execu\u00e7\u00e3o de opera\u00e7\u00f5es log\u00edsticas internacionais exige coordena\u00e7\u00e3o entre diferentes equipas e intervenientes.<\/p><p class=\"p1\">A articula\u00e7\u00e3o entre fornecedores, operadores log\u00edsticos, agentes aduaneiros e clientes \u00e9 fundamental para garantir que todos os processos decorrem de forma alinhada.<\/p><p class=\"p1\">O controlo t\u00e9cnico e operacional permite monitorizar as opera\u00e7\u00f5es em tempo real, antecipar constrangimentos e ajustar processos sempre que necess\u00e1rio.<\/p><p class=\"p1\">Esta capacidade de coordena\u00e7\u00e3o \u00e9 essencial para garantir a efici\u00eancia e a fiabilidade das opera\u00e7\u00f5es internacionais.<\/p>\t\t\t\t\t\t\t\t<\/div>\n\t\t\t\t<\/div>\n\t\t\t\t<\/div>\n\t\t<div class=\"elementor-element elementor-element-ca2723f e-con-full e-flex elementor-invisible e-con e-child\" data-id=\"ca2723f\" data-element_type=\"container\" data-e-type=\"container\" data-settings=\"{&quot;background_background&quot;:&quot;classic&quot;,&quot;animation&quot;:&quot;fadeInRight&quot;}\">\n\t\t\t\t<\/div>\n\t\t\t\t\t<\/div>\n\t\t\t\t<\/div>\n\t\t<div class=\"elementor-element elementor-element-cc9aa7a e-flex e-con-boxed e-con e-parent\" data-id=\"cc9aa7a\" data-element_type=\"container\" data-e-type=\"container\">\n\t\t\t\t\t<div class=\"e-con-inner\">\n\t\t<div class=\"elementor-element elementor-element-c85cf5b e-con-full e-flex elementor-invisible e-con e-child\" data-id=\"c85cf5b\" data-element_type=\"container\" data-e-type=\"container\" data-settings=\"{&quot;background_background&quot;:&quot;classic&quot;,&quot;animation&quot;:&quot;fadeInLeft&quot;}\">\n\t\t\t\t<\/div>\n\t\t<div class=\"elementor-element elementor-element-bd45782 e-con-full e-flex e-con e-child\" data-id=\"bd45782\" data-element_type=\"container\" data-e-type=\"container\" data-settings=\"{&quot;background_background&quot;:&quot;classic&quot;}\">\n\t\t\t\t<div class=\"elementor-element elementor-element-96e19ab animated-slow elementor-invisible elementor-widget elementor-widget-text-editor\" data-id=\"96e19ab\" data-element_type=\"widget\" data-e-type=\"widget\" data-settings=\"{&quot;_animation&quot;:&quot;fadeIn&quot;}\" data-widget_type=\"text-editor.default\">\n\t\t\t\t<div class=\"elementor-widget-container\">\n\t\t\t\t\t\t\t\t\tPARCERIAS E EFICI\u00caNCIA LOG\u00cdSTICA\t\t\t\t\t\t\t\t<\/div>\n\t\t\t\t<\/div>\n\t\t\t\t<div class=\"elementor-element elementor-element-3ebc20d elementor-widget elementor-widget-text-editor\" data-id=\"3ebc20d\" data-element_type=\"widget\" data-e-type=\"widget\" data-widget_type=\"text-editor.default\">\n\t\t\t\t<div class=\"elementor-widget-container\">\n\t\t\t\t\t\t\t\t\t<p class=\"p1\">A log\u00edstica internacional depende de uma rede de parceiros que asseguram diferentes fases do processo.<\/p><p class=\"p1\">A colabora\u00e7\u00e3o com operadores log\u00edsticos, transportadores e entidades locais permite garantir uma execu\u00e7\u00e3o eficiente e adaptada \u00e0s exig\u00eancias de cada mercado.<\/p><p class=\"p1\">A escolha de parceiros adequados e a constru\u00e7\u00e3o de rela\u00e7\u00f5es de confian\u00e7a s\u00e3o fatores determinantes para a qualidade das opera\u00e7\u00f5es.<\/p><p class=\"p1\">Uma abordagem colaborativa permite otimizar processos, reduzir riscos e melhorar o desempenho global da cadeia log\u00edstica.<\/p>\t\t\t\t\t\t\t\t<\/div>\n\t\t\t\t<\/div>\n\t\t\t\t<\/div>\n\t\t\t\t\t<\/div>\n\t\t\t\t<\/div>\n\t\t<div class=\"elementor-element elementor-element-6142232 e-flex e-con-boxed e-con e-parent\" data-id=\"6142232\" data-element_type=\"container\" data-e-type=\"container\" data-settings=\"{&quot;background_background&quot;:&quot;classic&quot;}\">\n\t\t\t\t\t<div class=\"e-con-inner\">\n\t\t<div class=\"elementor-element elementor-element-22b5681 e-con-full e-flex e-con e-child\" data-id=\"22b5681\" data-element_type=\"container\" data-e-type=\"container\">\n\t\t\t\t<div class=\"elementor-element elementor-element-d7c4413 animated-slow elementor-invisible elementor-widget elementor-widget-text-editor\" data-id=\"d7c4413\" data-element_type=\"widget\" data-e-type=\"widget\" data-settings=\"{&quot;_animation&quot;:&quot;fadeIn&quot;}\" data-widget_type=\"text-editor.default\">\n\t\t\t\t<div class=\"elementor-widget-container\">\n\t\t\t\t\t\t\t\t\tUma vis\u00e3o de futuro\t\t\t\t\t\t\t\t<\/div>\n\t\t\t\t<\/div>\n\t\t\t\t<div class=\"elementor-element elementor-element-1c2bd91 elementor-widget elementor-widget-text-editor\" data-id=\"1c2bd91\" data-element_type=\"widget\" data-e-type=\"widget\" data-widget_type=\"text-editor.default\">\n\t\t\t\t<div class=\"elementor-widget-container\">\n\t\t\t\t\t\t\t\t\t<p class=\"p1\">A log\u00edstica internacional continuar\u00e1 a desempenhar um papel fundamental no crescimento e na expans\u00e3o das empresas para novos mercados.<\/p><p class=\"p1\">Num contexto global cada vez mais exigente, a capacidade de estruturar opera\u00e7\u00f5es eficientes, coordenar intervenientes e garantir conformidade ser\u00e1 determinante para o sucesso.<\/p><p class=\"p1\">A ECOFIRMA Internacional posiciona-se como parceira estrat\u00e9gica neste processo, apoiando empresas na gest\u00e3o log\u00edstica e na internacionaliza\u00e7\u00e3o, com uma abordagem integrada, t\u00e9cnica e orientada para resultados a longo prazo.<\/p>\t\t\t\t\t\t\t\t<\/div>\n\t\t\t\t<\/div>\n\t\t\t\t<\/div>\n\t\t\t\t\t<\/div>\n\t\t\t\t<\/div>\n\t\t\t\t<\/div>\n\t\t","protected":false},"excerpt":{"rendered":"<p>A log\u00edstica internacional \u00e9 um fator cr\u00edtico no processo de exporta\u00e7\u00e3o. Descubra os principais desafios, etapas e boas pr\u00e1ticas para garantir opera\u00e7\u00f5es eficientes e seguras em mercados externos.<\/p>\n","protected":false},"author":4,"featured_media":10209,"comment_status":"closed","ping_status":"closed","sticky":false,"template":"","format":"standard","meta":{"footnotes":""},"categories":[106,104],"tags":[],"class_list":["post-10203","post","type-post","status-publish","format-standard","has-post-thumbnail","hentry","category-internacionalizacao","category-logistica"],"yoast_head":"<!-- This site is optimized with the Yoast SEO plugin v27.4 - https:\/\/yoast.com\/product\/yoast-seo-wordpress\/ -->\n<title>Log\u00edstica internacional: o que as empresas precisam de saber antes de exportar<\/title>\n<meta name=\"description\" content=\"Log\u00edstica internacional e exporta\u00e7\u00e3o: como planear, coordenar e garantir efici\u00eancia nas opera\u00e7\u00f5es em mercados externos.\" \/>\n<meta name=\"robots\" content=\"index, follow, max-snippet:-1, max-image-preview:large, max-video-preview:-1\" \/>\n<link rel=\"canonical\" href=\"https:\/\/novoecofirmail.erudis.pt\/logistica-internacional-informacao\/\" \/>\n<meta property=\"og:locale\" content=\"pt_PT\" \/>\n<meta property=\"og:type\" content=\"article\" \/>\n<meta property=\"og:title\" content=\"Log\u00edstica internacional: o que as empresas precisam de saber antes de exportar\" \/>\n<meta property=\"og:description\" content=\"Log\u00edstica internacional e exporta\u00e7\u00e3o: como planear, coordenar e garantir efici\u00eancia nas opera\u00e7\u00f5es em mercados externos.\" \/>\n<meta property=\"og:url\" content=\"https:\/\/novoecofirmail.erudis.pt\/logistica-internacional-informacao\/\" \/>\n<meta property=\"og:site_name\" content=\"ECOFIRMA Internacional\" \/>\n<meta property=\"article:publisher\" content=\"https:\/\/www.facebook.com\/EcoEcofirma\" \/>\n<meta property=\"article:published_time\" content=\"2026-04-08T15:09:15+00:00\" \/>\n<meta property=\"article:modified_time\" content=\"2026-04-08T15:19:44+00:00\" \/>\n<meta property=\"og:image\" content=\"https:\/\/novoecofirmail.erudis.pt\/wp-content\/uploads\/2026\/04\/10.jpg\" \/>\n\t<meta property=\"og:image:width\" content=\"1920\" \/>\n\t<meta property=\"og:image:height\" content=\"1279\" \/>\n\t<meta property=\"og:image:type\" content=\"image\/jpeg\" \/>\n<meta name=\"author\" content=\"Marketing Ecofirma\" \/>\n<meta name=\"twitter:card\" content=\"summary_large_image\" \/>\n<meta name=\"twitter:label1\" content=\"Escrito por\" \/>\n\t<meta name=\"twitter:data1\" content=\"Marketing Ecofirma\" \/>\n\t<meta name=\"twitter:label2\" content=\"Tempo estimado de leitura\" \/>\n\t<meta name=\"twitter:data2\" content=\"4 minutos\" \/>\n<script type=\"application\/ld+json\" class=\"yoast-schema-graph\">{\"@context\":\"https:\\\/\\\/schema.org\",\"@graph\":[{\"@type\":\"Article\",\"@id\":\"https:\\\/\\\/novoecofirmail.erudis.pt\\\/logistica-internacional-informacao\\\/#article\",\"isPartOf\":{\"@id\":\"https:\\\/\\\/novoecofirmail.erudis.pt\\\/logistica-internacional-informacao\\\/\"},\"author\":{\"name\":\"Marketing Ecofirma\",\"@id\":\"https:\\\/\\\/novoecofirmail.erudis.pt\\\/#\\\/schema\\\/person\\\/edda9b8d093392eaf7e42870c6f5fb89\"},\"headline\":\"Log\u00edstica internacional: o que as empresas precisam de saber antes de exportar\",\"datePublished\":\"2026-04-08T15:09:15+00:00\",\"dateModified\":\"2026-04-08T15:19:44+00:00\",\"mainEntityOfPage\":{\"@id\":\"https:\\\/\\\/novoecofirmail.erudis.pt\\\/logistica-internacional-informacao\\\/\"},\"wordCount\":617,\"publisher\":{\"@id\":\"https:\\\/\\\/novoecofirmail.erudis.pt\\\/#organization\"},\"image\":{\"@id\":\"https:\\\/\\\/novoecofirmail.erudis.pt\\\/logistica-internacional-informacao\\\/#primaryimage\"},\"thumbnailUrl\":\"https:\\\/\\\/www.ecofirmail.com\\\/wp-content\\\/uploads\\\/2026\\\/04\\\/10.jpg\",\"articleSection\":[\"Internacionaliza\u00e7\u00e3o\",\"Log\u00edstica\"],\"inLanguage\":\"pt-PT\"},{\"@type\":\"WebPage\",\"@id\":\"https:\\\/\\\/novoecofirmail.erudis.pt\\\/logistica-internacional-informacao\\\/\",\"url\":\"https:\\\/\\\/novoecofirmail.erudis.pt\\\/logistica-internacional-informacao\\\/\",\"name\":\"Log\u00edstica internacional: o que as empresas precisam de saber antes de exportar\",\"isPartOf\":{\"@id\":\"https:\\\/\\\/novoecofirmail.erudis.pt\\\/#website\"},\"primaryImageOfPage\":{\"@id\":\"https:\\\/\\\/novoecofirmail.erudis.pt\\\/logistica-internacional-informacao\\\/#primaryimage\"},\"image\":{\"@id\":\"https:\\\/\\\/novoecofirmail.erudis.pt\\\/logistica-internacional-informacao\\\/#primaryimage\"},\"thumbnailUrl\":\"https:\\\/\\\/www.ecofirmail.com\\\/wp-content\\\/uploads\\\/2026\\\/04\\\/10.jpg\",\"datePublished\":\"2026-04-08T15:09:15+00:00\",\"dateModified\":\"2026-04-08T15:19:44+00:00\",\"description\":\"Log\u00edstica internacional e exporta\u00e7\u00e3o: como planear, coordenar e garantir efici\u00eancia nas opera\u00e7\u00f5es em mercados externos.\",\"breadcrumb\":{\"@id\":\"https:\\\/\\\/novoecofirmail.erudis.pt\\\/logistica-internacional-informacao\\\/#breadcrumb\"},\"inLanguage\":\"pt-PT\",\"potentialAction\":[{\"@type\":\"ReadAction\",\"target\":[\"https:\\\/\\\/novoecofirmail.erudis.pt\\\/logistica-internacional-informacao\\\/\"]}]},{\"@type\":\"ImageObject\",\"inLanguage\":\"pt-PT\",\"@id\":\"https:\\\/\\\/novoecofirmail.erudis.pt\\\/logistica-internacional-informacao\\\/#primaryimage\",\"url\":\"https:\\\/\\\/www.ecofirmail.com\\\/wp-content\\\/uploads\\\/2026\\\/04\\\/10.jpg\",\"contentUrl\":\"https:\\\/\\\/www.ecofirmail.com\\\/wp-content\\\/uploads\\\/2026\\\/04\\\/10.jpg\",\"width\":1920,\"height\":1279},{\"@type\":\"BreadcrumbList\",\"@id\":\"https:\\\/\\\/novoecofirmail.erudis.pt\\\/logistica-internacional-informacao\\\/#breadcrumb\",\"itemListElement\":[{\"@type\":\"ListItem\",\"position\":1,\"name\":\"In\u00edcio\",\"item\":\"https:\\\/\\\/novoecofirmail.erudis.pt\\\/\"},{\"@type\":\"ListItem\",\"position\":2,\"name\":\"Log\u00edstica internacional: o que as empresas precisam de saber antes de exportar\"}]},{\"@type\":\"WebSite\",\"@id\":\"https:\\\/\\\/novoecofirmail.erudis.pt\\\/#website\",\"url\":\"https:\\\/\\\/novoecofirmail.erudis.pt\\\/\",\"name\":\"ECOFIRMA Internacional\",\"description\":\"Ligamos engenharia, \u00e1gua e sustentabilidade em projetos de elevada exig\u00eancia t\u00e9cnica\",\"publisher\":{\"@id\":\"https:\\\/\\\/novoecofirmail.erudis.pt\\\/#organization\"},\"potentialAction\":[{\"@type\":\"SearchAction\",\"target\":{\"@type\":\"EntryPoint\",\"urlTemplate\":\"https:\\\/\\\/novoecofirmail.erudis.pt\\\/?s={search_term_string}\"},\"query-input\":{\"@type\":\"PropertyValueSpecification\",\"valueRequired\":true,\"valueName\":\"search_term_string\"}}],\"inLanguage\":\"pt-PT\"},{\"@type\":\"Organization\",\"@id\":\"https:\\\/\\\/novoecofirmail.erudis.pt\\\/#organization\",\"name\":\"ECOFIRMA Internacional\",\"url\":\"https:\\\/\\\/novoecofirmail.erudis.pt\\\/\",\"logo\":{\"@type\":\"ImageObject\",\"inLanguage\":\"pt-PT\",\"@id\":\"https:\\\/\\\/novoecofirmail.erudis.pt\\\/#\\\/schema\\\/logo\\\/image\\\/\",\"url\":\"https:\\\/\\\/www.ecofirmail.com\\\/wp-content\\\/uploads\\\/2021\\\/11\\\/ECOFIRMA-INTERNACIONAL-EIL-logo.png\",\"contentUrl\":\"https:\\\/\\\/www.ecofirmail.com\\\/wp-content\\\/uploads\\\/2021\\\/11\\\/ECOFIRMA-INTERNACIONAL-EIL-logo.png\",\"width\":1599,\"height\":675,\"caption\":\"ECOFIRMA Internacional\"},\"image\":{\"@id\":\"https:\\\/\\\/novoecofirmail.erudis.pt\\\/#\\\/schema\\\/logo\\\/image\\\/\"},\"sameAs\":[\"https:\\\/\\\/www.facebook.com\\\/EcoEcofirma\",\"https:\\\/\\\/www.linkedin.com\\\/company\\\/grupoecofirma\"]},{\"@type\":\"Person\",\"@id\":\"https:\\\/\\\/novoecofirmail.erudis.pt\\\/#\\\/schema\\\/person\\\/edda9b8d093392eaf7e42870c6f5fb89\",\"name\":\"Marketing Ecofirma\",\"url\":\"https:\\\/\\\/www.ecofirmail.com\\\/pt\\\/author\\\/marketing\\\/\"}]}<\/script>\n<!-- \/ Yoast SEO plugin. -->","yoast_head_json":{"title":"Log\u00edstica internacional: o que as empresas precisam de saber antes de exportar","description":"Log\u00edstica internacional e exporta\u00e7\u00e3o: como planear, coordenar e garantir efici\u00eancia nas opera\u00e7\u00f5es em mercados externos.","robots":{"index":"index","follow":"follow","max-snippet":"max-snippet:-1","max-image-preview":"max-image-preview:large","max-video-preview":"max-video-preview:-1"},"canonical":"https:\/\/novoecofirmail.erudis.pt\/logistica-internacional-informacao\/","og_locale":"pt_PT","og_type":"article","og_title":"Log\u00edstica internacional: o que as empresas precisam de saber antes de exportar","og_description":"Log\u00edstica internacional e exporta\u00e7\u00e3o: como planear, coordenar e garantir efici\u00eancia nas opera\u00e7\u00f5es em mercados externos.","og_url":"https:\/\/novoecofirmail.erudis.pt\/logistica-internacional-informacao\/","og_site_name":"ECOFIRMA Internacional","article_publisher":"https:\/\/www.facebook.com\/EcoEcofirma","article_published_time":"2026-04-08T15:09:15+00:00","article_modified_time":"2026-04-08T15:19:44+00:00","og_image":[{"width":1920,"height":1279,"url":"https:\/\/novoecofirmail.erudis.pt\/wp-content\/uploads\/2026\/04\/10.jpg","type":"image\/jpeg"}],"author":"Marketing Ecofirma","twitter_card":"summary_large_image","twitter_misc":{"Escrito por":"Marketing Ecofirma","Tempo estimado de leitura":"4 minutos"},"schema":{"@context":"https:\/\/schema.org","@graph":[{"@type":"Article","@id":"https:\/\/novoecofirmail.erudis.pt\/logistica-internacional-informacao\/#article","isPartOf":{"@id":"https:\/\/novoecofirmail.erudis.pt\/logistica-internacional-informacao\/"},"author":{"name":"Marketing Ecofirma","@id":"https:\/\/novoecofirmail.erudis.pt\/#\/schema\/person\/edda9b8d093392eaf7e42870c6f5fb89"},"headline":"Log\u00edstica internacional: o que as empresas precisam de saber antes de exportar","datePublished":"2026-04-08T15:09:15+00:00","dateModified":"2026-04-08T15:19:44+00:00","mainEntityOfPage":{"@id":"https:\/\/novoecofirmail.erudis.pt\/logistica-internacional-informacao\/"},"wordCount":617,"publisher":{"@id":"https:\/\/novoecofirmail.erudis.pt\/#organization"},"image":{"@id":"https:\/\/novoecofirmail.erudis.pt\/logistica-internacional-informacao\/#primaryimage"},"thumbnailUrl":"https:\/\/www.ecofirmail.com\/wp-content\/uploads\/2026\/04\/10.jpg","articleSection":["Internacionaliza\u00e7\u00e3o","Log\u00edstica"],"inLanguage":"pt-PT"},{"@type":"WebPage","@id":"https:\/\/novoecofirmail.erudis.pt\/logistica-internacional-informacao\/","url":"https:\/\/novoecofirmail.erudis.pt\/logistica-internacional-informacao\/","name":"Log\u00edstica internacional: o que as empresas precisam de saber antes de exportar","isPartOf":{"@id":"https:\/\/novoecofirmail.erudis.pt\/#website"},"primaryImageOfPage":{"@id":"https:\/\/novoecofirmail.erudis.pt\/logistica-internacional-informacao\/#primaryimage"},"image":{"@id":"https:\/\/novoecofirmail.erudis.pt\/logistica-internacional-informacao\/#primaryimage"},"thumbnailUrl":"https:\/\/www.ecofirmail.com\/wp-content\/uploads\/2026\/04\/10.jpg","datePublished":"2026-04-08T15:09:15+00:00","dateModified":"2026-04-08T15:19:44+00:00","description":"Log\u00edstica internacional e exporta\u00e7\u00e3o: como planear, coordenar e garantir efici\u00eancia nas opera\u00e7\u00f5es em mercados externos.","breadcrumb":{"@id":"https:\/\/novoecofirmail.erudis.pt\/logistica-internacional-informacao\/#breadcrumb"},"inLanguage":"pt-PT","potentialAction":[{"@type":"ReadAction","target":["https:\/\/novoecofirmail.erudis.pt\/logistica-internacional-informacao\/"]}]},{"@type":"ImageObject","inLanguage":"pt-PT","@id":"https:\/\/novoecofirmail.erudis.pt\/logistica-internacional-informacao\/#primaryimage","url":"https:\/\/www.ecofirmail.com\/wp-content\/uploads\/2026\/04\/10.jpg","contentUrl":"https:\/\/www.ecofirmail.com\/wp-content\/uploads\/2026\/04\/10.jpg","width":1920,"height":1279},{"@type":"BreadcrumbList","@id":"https:\/\/novoecofirmail.erudis.pt\/logistica-internacional-informacao\/#breadcrumb","itemListElement":[{"@type":"ListItem","position":1,"name":"In\u00edcio","item":"https:\/\/novoecofirmail.erudis.pt\/"},{"@type":"ListItem","position":2,"name":"Log\u00edstica internacional: o que as empresas precisam de saber antes de exportar"}]},{"@type":"WebSite","@id":"https:\/\/novoecofirmail.erudis.pt\/#website","url":"https:\/\/novoecofirmail.erudis.pt\/","name":"ECOFIRMA Internacional","description":"Ligamos engenharia, \u00e1gua e sustentabilidade em projetos de elevada exig\u00eancia t\u00e9cnica","publisher":{"@id":"https:\/\/novoecofirmail.erudis.pt\/#organization"},"potentialAction":[{"@type":"SearchAction","target":{"@type":"EntryPoint","urlTemplate":"https:\/\/novoecofirmail.erudis.pt\/?s={search_term_string}"},"query-input":{"@type":"PropertyValueSpecification","valueRequired":true,"valueName":"search_term_string"}}],"inLanguage":"pt-PT"},{"@type":"Organization","@id":"https:\/\/novoecofirmail.erudis.pt\/#organization","name":"ECOFIRMA Internacional","url":"https:\/\/novoecofirmail.erudis.pt\/","logo":{"@type":"ImageObject","inLanguage":"pt-PT","@id":"https:\/\/novoecofirmail.erudis.pt\/#\/schema\/logo\/image\/","url":"https:\/\/www.ecofirmail.com\/wp-content\/uploads\/2021\/11\/ECOFIRMA-INTERNACIONAL-EIL-logo.png","contentUrl":"https:\/\/www.ecofirmail.com\/wp-content\/uploads\/2021\/11\/ECOFIRMA-INTERNACIONAL-EIL-logo.png","width":1599,"height":675,"caption":"ECOFIRMA Internacional"},"image":{"@id":"https:\/\/novoecofirmail.erudis.pt\/#\/schema\/logo\/image\/"},"sameAs":["https:\/\/www.facebook.com\/EcoEcofirma","https:\/\/www.linkedin.com\/company\/grupoecofirma"]},{"@type":"Person","@id":"https:\/\/novoecofirmail.erudis.pt\/#\/schema\/person\/edda9b8d093392eaf7e42870c6f5fb89","name":"Marketing Ecofirma","url":"https:\/\/www.ecofirmail.com\/pt\/author\/marketing\/"}]}},"_links":{"self":[{"href":"https:\/\/www.ecofirmail.com\/pt\/wp-json\/wp\/v2\/posts\/10203","targetHints":{"allow":["GET"]}}],"collection":[{"href":"https:\/\/www.ecofirmail.com\/pt\/wp-json\/wp\/v2\/posts"}],"about":[{"href":"https:\/\/www.ecofirmail.com\/pt\/wp-json\/wp\/v2\/types\/post"}],"author":[{"embeddable":true,"href":"https:\/\/www.ecofirmail.com\/pt\/wp-json\/wp\/v2\/users\/4"}],"replies":[{"embeddable":true,"href":"https:\/\/www.ecofirmail.com\/pt\/wp-json\/wp\/v2\/comments?post=10203"}],"version-history":[{"count":7,"href":"https:\/\/www.ecofirmail.com\/pt\/wp-json\/wp\/v2\/posts\/10203\/revisions"}],"predecessor-version":[{"id":10215,"href":"https:\/\/www.ecofirmail.com\/pt\/wp-json\/wp\/v2\/posts\/10203\/revisions\/10215"}],"wp:featuredmedia":[{"embeddable":true,"href":"https:\/\/www.ecofirmail.com\/pt\/wp-json\/wp\/v2\/media\/10209"}],"wp:attachment":[{"href":"https:\/\/www.ecofirmail.com\/pt\/wp-json\/wp\/v2\/media?parent=10203"}],"wp:term":[{"taxonomy":"category","embeddable":true,"href":"https:\/\/www.ecofirmail.com\/pt\/wp-json\/wp\/v2\/categories?post=10203"},{"taxonomy":"post_tag","embeddable":true,"href":"https:\/\/www.ecofirmail.com\/pt\/wp-json\/wp\/v2\/tags?post=10203"}],"curies":[{"name":"wp","href":"https:\/\/api.w.org\/{rel}","templated":true}]}}