{"id":9695,"date":"2024-08-14T15:21:39","date_gmt":"2024-08-14T14:21:39","guid":{"rendered":"https:\/\/novoecofirmail.erudis.pt\/?p=9695"},"modified":"2026-04-08T14:26:20","modified_gmt":"2026-04-08T13:26:20","slug":"grupo-ecofirma-pioneiros-na-sustentabilidade-empresarial-e-ambiental","status":"publish","type":"post","link":"https:\/\/www.ecofirmail.com\/fr\/grupo-ecofirma-pioneiros-na-sustentabilidade-empresarial-e-ambiental\/","title":{"rendered":"GRUPO ECOFIRMA &#8211; Pioneiros na Sustentabilidade Empresarial e Ambiental"},"content":{"rendered":"<div data-elementor-type=\"wp-post\" data-elementor-id=\"9695\" class=\"elementor elementor-9695\" data-elementor-post-type=\"post\">\n\t\t\t\t<div class=\"elementor-element elementor-element-a050ca6 e-con-full e-flex e-con e-parent\" data-id=\"a050ca6\" data-element_type=\"container\" data-e-type=\"container\" data-settings=\"{&quot;background_background&quot;:&quot;classic&quot;}\">\n\t\t\t\t<div class=\"elementor-element elementor-element-fb30c58 elementor-widget elementor-widget-text-editor\" data-id=\"fb30c58\" data-element_type=\"widget\" data-e-type=\"widget\" data-widget_type=\"text-editor.default\">\n\t\t\t\t<div class=\"elementor-widget-container\">\n\t\t\t\t\t\t\t\t\tGROUPE ECOFIRMA <br>\nPioneiros na Sustentabilidade Empresarial e Ambiental\t\t\t\t\t\t\t\t<\/div>\n\t\t\t\t<\/div>\n\t\t\t\t<\/div>\n\t\t<div class=\"elementor-element elementor-element-0baa5e8 e-flex e-con-boxed e-con e-parent\" data-id=\"0baa5e8\" data-element_type=\"container\" data-e-type=\"container\">\n\t\t\t\t\t<div class=\"e-con-inner\">\n\t\t\t\t<div class=\"elementor-element elementor-element-043a14a elementor-widget elementor-widget-text-editor\" data-id=\"043a14a\" data-element_type=\"widget\" data-e-type=\"widget\" data-widget_type=\"text-editor.default\">\n\t\t\t\t<div class=\"elementor-widget-container\">\n\t\t\t\t\t\t\t\t\t<p>No mundo atual, onde as preocupa\u00e7\u00f5es ambientais est\u00e3o no topo da agenda global, as empresas t\u00eam um papel crucial na promo\u00e7\u00e3o da sustentabilidade.<\/p><p>Les entreprises du GRUPO ECOFIRMA non seulement reconnaissent cette responsabilit\u00e9 mais l&#039;int\u00e8grent \u00e9galement dans chacune de leurs op\u00e9rations.<\/p><p>Desde a produ\u00e7\u00e3o local at\u00e9 \u00e0 reutiliza\u00e7\u00e3o de materiais, o GRUPO ECOFIRMA est\u00e1 a liderar o caminho para um futuro mais sustent\u00e1vel, demonstrando que crescimento econ\u00f3mico e prote\u00e7\u00e3o ambiental podem andar de m\u00e3os dadas.<\/p>\t\t\t\t\t\t\t\t<\/div>\n\t\t\t\t<\/div>\n\t\t\t\t\t<\/div>\n\t\t\t\t<\/div>\n\t\t<div class=\"elementor-element elementor-element-0f027e6 e-flex e-con-boxed e-con e-parent\" data-id=\"0f027e6\" data-element_type=\"container\" data-e-type=\"container\" data-settings=\"{&quot;background_background&quot;:&quot;classic&quot;}\">\n\t\t\t\t\t<div class=\"e-con-inner\">\n\t\t\t\t<div class=\"elementor-element elementor-element-fbd6cd7 animated-slow elementor-invisible elementor-widget elementor-widget-text-editor\" data-id=\"fbd6cd7\" data-element_type=\"widget\" data-e-type=\"widget\" data-settings=\"{&quot;_animation&quot;:&quot;fadeIn&quot;}\" data-widget_type=\"text-editor.default\">\n\t\t\t\t<div class=\"elementor-widget-container\">\n\t\t\t\t\t\t\t\t\tL\u2019importance de la production locale dans la r\u00e9duction de l\u2019empreinte \u00e9cologique\t\t\t\t\t\t\t\t<\/div>\n\t\t\t\t<\/div>\n\t\t\t\t<div class=\"elementor-element elementor-element-6047241 elementor-invisible elementor-widget elementor-widget-text-editor\" data-id=\"6047241\" data-element_type=\"widget\" data-e-type=\"widget\" data-settings=\"{&quot;_animation&quot;:&quot;fadeIn&quot;}\" data-widget_type=\"text-editor.default\">\n\t\t\t\t<div class=\"elementor-widget-container\">\n\t\t\t\t\t\t\t\t\tA produ\u00e7\u00e3o de cimentos \u00e9 um dos processos industriais mais intensivos em carbono.\n\nEstima-se que a ind\u00fastria do cimento seja respons\u00e1vel por cerca de 8% das emiss\u00f5es globais de di\u00f3xido de carbono (CO2)*, tornando-a uma das maiores contribuintes para as mudan\u00e7as clim\u00e1ticas.<\/p>No entanto, o GRUPO ECOFIRMA est\u00e1 a combater esse impacto negativo ao promover a produ\u00e7\u00e3o local em Angola.<\/p>\nProduire localement signifie \u00e9viter les \u00e9missions de carbone li\u00e9es au transport de mat\u00e9riaux sur de longues distances, normalement n\u00e9cessaires aux importations.<\/p>\nAl\u00e9m disso, a produ\u00e7\u00e3o local permite-nos utilizar recursos dispon\u00edveis na regi\u00e3o, minimizando a depend\u00eancia de materiais externos e contribuindo para a economia local. Esta pr\u00e1tica n\u00e3o s\u00f3 reduz a pegada ecol\u00f3gica da empresa, mas tamb\u00e9m promove a resili\u00eancia econ\u00f3mica da regi\u00e3o.<\/p>\t\t\t\t\t\t\t\t<\/div>\n\t\t\t\t<\/div>\n\t\t\t\t<div class=\"elementor-element elementor-element-c370d2a elementor-widget elementor-widget-text-editor\" data-id=\"c370d2a\" data-element_type=\"widget\" data-e-type=\"widget\" data-widget_type=\"text-editor.default\">\n\t\t\t\t<div class=\"elementor-widget-container\">\n\t\t\t\t\t\t\t\t\t<p>* Andrew, RM (2018).\u00a0<em>\u00c9missions mondiales de CO2 li\u00e9es \u00e0 la production de ciment, 1928-2018<\/em>. Donn\u00e9es scientifiques du syst\u00e8me terrestre, 10(1), 2213-2239. DOI\u00a0: 10.5194\/essd-10-2213-2018.<\/p>\t\t\t\t\t\t\t\t<\/div>\n\t\t\t\t<\/div>\n\t\t\t\t\t<\/div>\n\t\t\t\t<\/div>\n\t\t<div class=\"elementor-element elementor-element-8422ff4 e-flex e-con-boxed e-con e-parent\" data-id=\"8422ff4\" data-element_type=\"container\" data-e-type=\"container\">\n\t\t\t\t\t<div class=\"e-con-inner\">\n\t\t<div class=\"elementor-element elementor-element-2c8d8e0 e-con-full e-flex e-con e-child\" data-id=\"2c8d8e0\" data-element_type=\"container\" data-e-type=\"container\">\n\t\t\t\t<div class=\"elementor-element elementor-element-098cff0 animated-slow elementor-invisible elementor-widget elementor-widget-text-editor\" data-id=\"098cff0\" data-element_type=\"widget\" data-e-type=\"widget\" data-settings=\"{&quot;_animation&quot;:&quot;fadeIn&quot;}\" data-widget_type=\"text-editor.default\">\n\t\t\t\t<div class=\"elementor-widget-container\">\n\t\t\t\t\t\t\t\t\tR\u00e9utilisation des mat\u00e9riaux et promotion de l\u2019\u00e9conomie circulaire\t\t\t\t\t\t\t\t<\/div>\n\t\t\t\t<\/div>\n\t\t\t\t<div class=\"elementor-element elementor-element-fc0991e elementor-widget elementor-widget-text-editor\" data-id=\"fc0991e\" data-element_type=\"widget\" data-e-type=\"widget\" data-widget_type=\"text-editor.default\">\n\t\t\t\t<div class=\"elementor-widget-container\">\n\t\t\t\t\t\t\t\t\t<p>Chez ECOFIRMA, la durabilit\u00e9 va au-del\u00e0 de la production ; elle est enracin\u00e9e dans la fa\u00e7on dont nous g\u00e9rons les ressources et les mat\u00e9riaux.<\/p><p>Um exemplo claro \u00e9 a reutiliza\u00e7\u00e3o de contentores para a cria\u00e7\u00e3o de Esta\u00e7\u00f5es de Tratamento de \u00c1gua (ETAs) e Esta\u00e7\u00f5es de Tratamento de \u00c1guas Residuais (ETARs). Esta abordagem inovadora permite-nos n\u00e3o s\u00f3 reduzir o desperd\u00edcio, mas tamb\u00e9m criar infraestruturas mais sustent\u00e1veis e acess\u00edveis.<\/p><p>A economia circular \u00e9 um conceito que visa manter os recursos em uso o m\u00e1ximo de tempo poss\u00edvel, extraindo deles o m\u00e1ximo valor enquanto est\u00e3o em uso, e recuperando e regenerando produtos e materiais ao fim de sua vida \u00fatil.<\/p><p>A ECOFIRMA adota este conceito em todas as suas opera\u00e7\u00f5es, garantindo que nada \u00e9 desperdi\u00e7ado e que cada recurso \u00e9 utilizado de forma eficiente e ecol\u00f3gica.<\/p>\t\t\t\t\t\t\t\t<\/div>\n\t\t\t\t<\/div>\n\t\t\t\t<\/div>\n\t\t\t\t\t<\/div>\n\t\t\t\t<\/div>\n\t\t<div class=\"elementor-element elementor-element-54ad43c animated-slow e-flex e-con-boxed elementor-invisible e-con e-parent\" data-id=\"54ad43c\" data-element_type=\"container\" data-e-type=\"container\" data-settings=\"{&quot;background_background&quot;:&quot;classic&quot;,&quot;animation&quot;:&quot;fadeIn&quot;}\">\n\t\t\t\t\t<div class=\"e-con-inner\">\n\t\t\t\t\t<\/div>\n\t\t\t\t<\/div>\n\t\t<div class=\"elementor-element elementor-element-294da82 e-flex e-con-boxed e-con e-parent\" data-id=\"294da82\" data-element_type=\"container\" data-e-type=\"container\">\n\t\t\t\t\t<div class=\"e-con-inner\">\n\t\t<div class=\"elementor-element elementor-element-6458672 e-con-full e-flex e-con e-child\" data-id=\"6458672\" data-element_type=\"container\" data-e-type=\"container\">\n\t\t\t\t<div class=\"elementor-element elementor-element-441bc10 animated-slow elementor-invisible elementor-widget elementor-widget-text-editor\" data-id=\"441bc10\" data-element_type=\"widget\" data-e-type=\"widget\" data-settings=\"{&quot;_animation&quot;:&quot;fadeIn&quot;}\" data-widget_type=\"text-editor.default\">\n\t\t\t\t<div class=\"elementor-widget-container\">\n\t\t\t\t\t\t\t\t\tFormation et sensibilisation interne au recyclage et au d\u00e9veloppement durable\t\t\t\t\t\t\t\t<\/div>\n\t\t\t\t<\/div>\n\t\t\t\t<div class=\"elementor-element elementor-element-96b78ca elementor-widget elementor-widget-text-editor\" data-id=\"96b78ca\" data-element_type=\"widget\" data-e-type=\"widget\" data-widget_type=\"text-editor.default\">\n\t\t\t\t<div class=\"elementor-widget-container\">\n\t\t\t\t\t\t\t\t\t<p>Um dos pilares do compromisso da ECOFIRMA com a sustentabilidade \u00e9 a forma\u00e7\u00e3o cont\u00ednua dos seus colaboradores.<\/p><p>Nous savons que le changement commence de l&#039;int\u00e9rieur, c&#039;est pourquoi nous proposons des formations continues qui vont du recyclage aux pratiques durables sur le lieu de travail.<\/p><p>Estas forma\u00e7\u00f5es n\u00e3o s\u00f3 capacitam os nossos colaboradores a adotar pr\u00e1ticas mais ecol\u00f3gicas, mas tamb\u00e9m criam uma cultura corporativa onde a sustentabilidade \u00e9 valorizada e promovida ativamente.<\/p><p>Par ailleurs, ECOFIRMA est leader dans l\u2019optimisation du cycle de l\u2019eau, une ressource vitale soumise \u00e0 une pression croissante en raison du changement climatique.<\/p><p>Atrav\u00e9s de servi\u00e7os de impermeabiliza\u00e7\u00e3o de reservat\u00f3rios e outros m\u00e9todos inovadores, ajudamos a conservar a \u00e1gua e garantir que este recurso essencial est\u00e1 dispon\u00edvel para as futuras gera\u00e7\u00f5es.<\/p>\t\t\t\t\t\t\t\t<\/div>\n\t\t\t\t<\/div>\n\t\t\t\t<\/div>\n\t\t<div class=\"elementor-element elementor-element-ca2723f e-con-full e-flex elementor-invisible e-con e-child\" data-id=\"ca2723f\" data-element_type=\"container\" data-e-type=\"container\" data-settings=\"{&quot;background_background&quot;:&quot;classic&quot;,&quot;animation&quot;:&quot;fadeInRight&quot;}\">\n\t\t\t\t<\/div>\n\t\t\t\t\t<\/div>\n\t\t\t\t<\/div>\n\t\t<div class=\"elementor-element elementor-element-c6862e7 e-flex e-con-boxed e-con e-parent\" data-id=\"c6862e7\" data-element_type=\"container\" data-e-type=\"container\">\n\t\t\t\t\t<div class=\"e-con-inner\">\n\t\t<div class=\"elementor-element elementor-element-34250e5 e-con-full e-flex elementor-invisible e-con e-child\" data-id=\"34250e5\" data-element_type=\"container\" data-e-type=\"container\" data-settings=\"{&quot;background_background&quot;:&quot;classic&quot;,&quot;animation&quot;:&quot;fadeInLeft&quot;}\">\n\t\t\t\t<\/div>\n\t\t<div class=\"elementor-element elementor-element-28a2e8f e-con-full e-flex e-con e-child\" data-id=\"28a2e8f\" data-element_type=\"container\" data-e-type=\"container\">\n\t\t\t\t<div class=\"elementor-element elementor-element-79ec10c animated-slow elementor-invisible elementor-widget elementor-widget-text-editor\" data-id=\"79ec10c\" data-element_type=\"widget\" data-e-type=\"widget\" data-settings=\"{&quot;_animation&quot;:&quot;fadeIn&quot;}\" data-widget_type=\"text-editor.default\">\n\t\t\t\t<div class=\"elementor-widget-container\">\n\t\t\t\t\t\t\t\t\tImpact environnemental et importance de la sensibilisation des entreprises\t\t\t\t\t\t\t\t<\/div>\n\t\t\t\t<\/div>\n\t\t\t\t<div class=\"elementor-element elementor-element-2bd8deb elementor-widget elementor-widget-text-editor\" data-id=\"2bd8deb\" data-element_type=\"widget\" data-e-type=\"widget\" data-widget_type=\"text-editor.default\">\n\t\t\t\t<div class=\"elementor-widget-container\">\n\t\t\t\t\t\t\t\t\t<p>Il est crucial que les entreprises reconnaissent leur impact sur l\u2019environnement et agissent en cons\u00e9quence.<\/p><p>L\u2019industrie du ciment est particuli\u00e8rement confront\u00e9e \u00e0 des d\u00e9fis importants en raison de ses \u00e9missions \u00e9lev\u00e9es de carbone.<\/p><p>No entanto, com pr\u00e1ticas como a produ\u00e7\u00e3o local, a reutiliza\u00e7\u00e3o de materiais e a economia circular, a ECOFIRMA demonstra que \u00e9 poss\u00edvel reduzir significativamente esse impacto.<\/p><p>Empresas que adotam pr\u00e1ticas ambientais conscientes n\u00e3o est\u00e3o apenas a fazer a sua parte para proteger o planeta, mas tamb\u00e9m a posicionar-se como l\u00edderes em responsabilidade social.<\/p>\t\t\t\t\t\t\t\t<\/div>\n\t\t\t\t<\/div>\n\t\t\t\t<\/div>\n\t\t\t\t\t<\/div>\n\t\t\t\t<\/div>\n\t\t<div class=\"elementor-element elementor-element-4c0f6c6 e-flex e-con-boxed e-con e-parent\" data-id=\"4c0f6c6\" data-element_type=\"container\" data-e-type=\"container\">\n\t\t\t\t\t<div class=\"e-con-inner\">\n\t\t<div class=\"elementor-element elementor-element-fe68d72 e-con-full e-flex e-con e-child\" data-id=\"fe68d72\" data-element_type=\"container\" data-e-type=\"container\">\n\t\t\t\t<div class=\"elementor-element elementor-element-bc31801 animated-slow elementor-invisible elementor-widget elementor-widget-text-editor\" data-id=\"bc31801\" data-element_type=\"widget\" data-e-type=\"widget\" data-settings=\"{&quot;_animation&quot;:&quot;fadeIn&quot;}\" data-widget_type=\"text-editor.default\">\n\t\t\t\t<div class=\"elementor-widget-container\">\n\t\t\t\t\t\t\t\t\tUn engagement pour l&#039;avenir<\/strong>\t\t\t\t\t\t\t\t<\/div>\n\t\t\t\t<\/div>\n\t\t\t\t<div class=\"elementor-element elementor-element-fb43ab7 elementor-widget elementor-widget-text-editor\" data-id=\"fb43ab7\" data-element_type=\"widget\" data-e-type=\"widget\" data-widget_type=\"text-editor.default\">\n\t\t\t\t<div class=\"elementor-widget-container\">\n\t\t\t\t\t\t\t\t\t<p>Chez ECOFIRMA, nous pensons que <strong>l&#039;avenir de l&#039;industrie d\u00e9pend de la capacit\u00e9 \u00e0 innover<\/strong> et l&#039;adaptation aux besoins environnementaux.<\/p><p>Notre engagement en faveur du d\u00e9veloppement durable n&#039;est pas seulement une r\u00e9ponse aux demandes du march\u00e9 ; C&#039;est une philosophie qui guide chaque d\u00e9cision que nous prenons.<\/p><p>Gr\u00e2ce \u00e0 la production locale, \u00e0 l&#039;\u00e9conomie circulaire et \u00e0 la conscience environnementale, <strong>nous construisons un h\u00e9ritage<\/strong> ce qui profitera non seulement \u00e0 notre g\u00e9n\u00e9ration, mais aussi aux g\u00e9n\u00e9rations futures.<\/p>\t\t\t\t\t\t\t\t<\/div>\n\t\t\t\t<\/div>\n\t\t\t\t<\/div>\n\t\t\t\t\t<\/div>\n\t\t\t\t<\/div>\n\t\t\t\t<\/div>","protected":false},"excerpt":{"rendered":"<p>Une piscine offre d\u2019innombrables bienfaits pour la sant\u00e9, servant \u00e0 la fois de lieu id\u00e9al pour l\u2019exercice cardiovasculaire et d\u2019espace pour des moments incroyables en famille et entre amis. Cependant, ce que beaucoup de gens ne consid\u00e8rent pas, c&#039;est la responsabilit\u00e9 qu&#039;implique le fait d&#039;avoir une piscine sur leur propri\u00e9t\u00e9.<\/p>","protected":false},"author":4,"featured_media":9703,"comment_status":"closed","ping_status":"closed","sticky":false,"template":"","format":"standard","meta":{"footnotes":""},"categories":[102],"tags":[],"class_list":["post-9695","post","type-post","status-publish","format-standard","has-post-thumbnail","hentry","category-sustentabilidade"],"yoast_head":"<!-- This site is optimized with the Yoast SEO plugin v27.4 - https:\/\/yoast.com\/product\/yoast-seo-wordpress\/ -->\n<title>GRUPO ECOFIRMA - Pioneiros na Sustentabilidade Empresarial e Ambiental - ECOFIRMA Internacional<\/title>\n<meta name=\"robots\" content=\"index, follow, max-snippet:-1, max-image-preview:large, max-video-preview:-1\" \/>\n<link rel=\"canonical\" href=\"https:\/\/novoecofirmail.erudis.pt\/grupo-ecofirma-pioneiros-na-sustentabilidade-empresarial-e-ambiental-em-angola\/\" \/>\n<meta property=\"og:locale\" content=\"fr_FR\" \/>\n<meta property=\"og:type\" content=\"article\" \/>\n<meta property=\"og:title\" content=\"GRUPO ECOFIRMA - Pioneiros na Sustentabilidade Empresarial e Ambiental - ECOFIRMA Internacional\" \/>\n<meta property=\"og:description\" content=\"Uma piscina oferece in\u00fameros benef\u00edcios para a sa\u00fade, servindo tanto como um local perfeito para exerc\u00edcios cardiovasculares quanto como um espa\u00e7o para momentos incr\u00edveis com a fam\u00edlia e amigos. No entanto, o que muitas pessoas n\u00e3o consideram \u00e9 a responsabilidade envolvida em ter uma piscina na sua propriedade.\" \/>\n<meta property=\"og:url\" content=\"https:\/\/novoecofirmail.erudis.pt\/grupo-ecofirma-pioneiros-na-sustentabilidade-empresarial-e-ambiental-em-angola\/\" \/>\n<meta property=\"og:site_name\" content=\"ECOFIRMA Internacional\" \/>\n<meta property=\"article:publisher\" content=\"https:\/\/www.facebook.com\/EcoEcofirma\" \/>\n<meta property=\"article:published_time\" content=\"2024-08-14T14:21:39+00:00\" \/>\n<meta property=\"article:modified_time\" content=\"2026-04-08T13:26:20+00:00\" \/>\n<meta property=\"og:image\" content=\"https:\/\/novoecofirmail.erudis.pt\/wp-content\/uploads\/2024\/08\/ECOFIRMA-barragens-reservatorios-injeccoes-piscinas-agua-ETA-ETAR-reabilitacao-impermeabilizacao-perfuracao-estruturas-ecologia-1.jpg?_t=1726158494\" \/>\n\t<meta property=\"og:image:width\" content=\"1920\" \/>\n\t<meta property=\"og:image:height\" content=\"1280\" \/>\n\t<meta property=\"og:image:type\" content=\"image\/jpeg\" \/>\n<meta name=\"author\" content=\"Marketing Ecofirma\" \/>\n<meta name=\"twitter:card\" content=\"summary_large_image\" \/>\n<meta name=\"twitter:label1\" content=\"\u00c9crit par\" \/>\n\t<meta name=\"twitter:data1\" content=\"Marketing Ecofirma\" \/>\n\t<meta name=\"twitter:label2\" content=\"Dur\u00e9e de lecture estim\u00e9e\" \/>\n\t<meta name=\"twitter:data2\" content=\"4 minutes\" \/>\n<script type=\"application\/ld+json\" class=\"yoast-schema-graph\">{\"@context\":\"https:\\\/\\\/schema.org\",\"@graph\":[{\"@type\":\"Article\",\"@id\":\"https:\\\/\\\/novoecofirmail.erudis.pt\\\/grupo-ecofirma-pioneiros-na-sustentabilidade-empresarial-e-ambiental-em-angola\\\/#article\",\"isPartOf\":{\"@id\":\"https:\\\/\\\/novoecofirmail.erudis.pt\\\/grupo-ecofirma-pioneiros-na-sustentabilidade-empresarial-e-ambiental-em-angola\\\/\"},\"author\":{\"name\":\"Marketing Ecofirma\",\"@id\":\"https:\\\/\\\/novoecofirmail.erudis.pt\\\/#\\\/schema\\\/person\\\/edda9b8d093392eaf7e42870c6f5fb89\"},\"headline\":\"GRUPO ECOFIRMA &#8211; Pioneiros na Sustentabilidade Empresarial e Ambiental\",\"datePublished\":\"2024-08-14T14:21:39+00:00\",\"dateModified\":\"2026-04-08T13:26:20+00:00\",\"mainEntityOfPage\":{\"@id\":\"https:\\\/\\\/novoecofirmail.erudis.pt\\\/grupo-ecofirma-pioneiros-na-sustentabilidade-empresarial-e-ambiental-em-angola\\\/\"},\"wordCount\":773,\"publisher\":{\"@id\":\"https:\\\/\\\/novoecofirmail.erudis.pt\\\/#organization\"},\"image\":{\"@id\":\"https:\\\/\\\/novoecofirmail.erudis.pt\\\/grupo-ecofirma-pioneiros-na-sustentabilidade-empresarial-e-ambiental-em-angola\\\/#primaryimage\"},\"thumbnailUrl\":\"https:\\\/\\\/www.ecofirmail.com\\\/wp-content\\\/uploads\\\/2024\\\/08\\\/ECOFIRMA-barragens-reservatorios-injeccoes-piscinas-agua-ETA-ETAR-reabilitacao-impermeabilizacao-perfuracao-estruturas-ecologia-1.jpg\",\"articleSection\":[\"Sustentabilidade\"],\"inLanguage\":\"fr-FR\"},{\"@type\":\"WebPage\",\"@id\":\"https:\\\/\\\/novoecofirmail.erudis.pt\\\/grupo-ecofirma-pioneiros-na-sustentabilidade-empresarial-e-ambiental-em-angola\\\/\",\"url\":\"https:\\\/\\\/novoecofirmail.erudis.pt\\\/grupo-ecofirma-pioneiros-na-sustentabilidade-empresarial-e-ambiental-em-angola\\\/\",\"name\":\"GRUPO ECOFIRMA - Pioneiros na Sustentabilidade Empresarial e Ambiental - ECOFIRMA Internacional\",\"isPartOf\":{\"@id\":\"https:\\\/\\\/novoecofirmail.erudis.pt\\\/#website\"},\"primaryImageOfPage\":{\"@id\":\"https:\\\/\\\/novoecofirmail.erudis.pt\\\/grupo-ecofirma-pioneiros-na-sustentabilidade-empresarial-e-ambiental-em-angola\\\/#primaryimage\"},\"image\":{\"@id\":\"https:\\\/\\\/novoecofirmail.erudis.pt\\\/grupo-ecofirma-pioneiros-na-sustentabilidade-empresarial-e-ambiental-em-angola\\\/#primaryimage\"},\"thumbnailUrl\":\"https:\\\/\\\/www.ecofirmail.com\\\/wp-content\\\/uploads\\\/2024\\\/08\\\/ECOFIRMA-barragens-reservatorios-injeccoes-piscinas-agua-ETA-ETAR-reabilitacao-impermeabilizacao-perfuracao-estruturas-ecologia-1.jpg\",\"datePublished\":\"2024-08-14T14:21:39+00:00\",\"dateModified\":\"2026-04-08T13:26:20+00:00\",\"breadcrumb\":{\"@id\":\"https:\\\/\\\/novoecofirmail.erudis.pt\\\/grupo-ecofirma-pioneiros-na-sustentabilidade-empresarial-e-ambiental-em-angola\\\/#breadcrumb\"},\"inLanguage\":\"fr-FR\",\"potentialAction\":[{\"@type\":\"ReadAction\",\"target\":[\"https:\\\/\\\/novoecofirmail.erudis.pt\\\/grupo-ecofirma-pioneiros-na-sustentabilidade-empresarial-e-ambiental-em-angola\\\/\"]}]},{\"@type\":\"ImageObject\",\"inLanguage\":\"fr-FR\",\"@id\":\"https:\\\/\\\/novoecofirmail.erudis.pt\\\/grupo-ecofirma-pioneiros-na-sustentabilidade-empresarial-e-ambiental-em-angola\\\/#primaryimage\",\"url\":\"https:\\\/\\\/www.ecofirmail.com\\\/wp-content\\\/uploads\\\/2024\\\/08\\\/ECOFIRMA-barragens-reservatorios-injeccoes-piscinas-agua-ETA-ETAR-reabilitacao-impermeabilizacao-perfuracao-estruturas-ecologia-1.jpg\",\"contentUrl\":\"https:\\\/\\\/www.ecofirmail.com\\\/wp-content\\\/uploads\\\/2024\\\/08\\\/ECOFIRMA-barragens-reservatorios-injeccoes-piscinas-agua-ETA-ETAR-reabilitacao-impermeabilizacao-perfuracao-estruturas-ecologia-1.jpg\",\"width\":1920,\"height\":1280},{\"@type\":\"BreadcrumbList\",\"@id\":\"https:\\\/\\\/novoecofirmail.erudis.pt\\\/grupo-ecofirma-pioneiros-na-sustentabilidade-empresarial-e-ambiental-em-angola\\\/#breadcrumb\",\"itemListElement\":[{\"@type\":\"ListItem\",\"position\":1,\"name\":\"In\u00edcio\",\"item\":\"https:\\\/\\\/novoecofirmail.erudis.pt\\\/\"},{\"@type\":\"ListItem\",\"position\":2,\"name\":\"GRUPO ECOFIRMA &#8211; Pioneiros na Sustentabilidade Empresarial e Ambiental em Angola\"}]},{\"@type\":\"WebSite\",\"@id\":\"https:\\\/\\\/novoecofirmail.erudis.pt\\\/#website\",\"url\":\"https:\\\/\\\/novoecofirmail.erudis.pt\\\/\",\"name\":\"ECOFIRMA Internacional\",\"description\":\"Ligamos engenharia, \u00e1gua e sustentabilidade em projetos de elevada exig\u00eancia t\u00e9cnica\",\"publisher\":{\"@id\":\"https:\\\/\\\/novoecofirmail.erudis.pt\\\/#organization\"},\"potentialAction\":[{\"@type\":\"SearchAction\",\"target\":{\"@type\":\"EntryPoint\",\"urlTemplate\":\"https:\\\/\\\/novoecofirmail.erudis.pt\\\/?s={search_term_string}\"},\"query-input\":{\"@type\":\"PropertyValueSpecification\",\"valueRequired\":true,\"valueName\":\"search_term_string\"}}],\"inLanguage\":\"fr-FR\"},{\"@type\":\"Organization\",\"@id\":\"https:\\\/\\\/novoecofirmail.erudis.pt\\\/#organization\",\"name\":\"ECOFIRMA Internacional\",\"url\":\"https:\\\/\\\/novoecofirmail.erudis.pt\\\/\",\"logo\":{\"@type\":\"ImageObject\",\"inLanguage\":\"fr-FR\",\"@id\":\"https:\\\/\\\/novoecofirmail.erudis.pt\\\/#\\\/schema\\\/logo\\\/image\\\/\",\"url\":\"https:\\\/\\\/www.ecofirmail.com\\\/wp-content\\\/uploads\\\/2021\\\/11\\\/ECOFIRMA-INTERNACIONAL-EIL-logo.png\",\"contentUrl\":\"https:\\\/\\\/www.ecofirmail.com\\\/wp-content\\\/uploads\\\/2021\\\/11\\\/ECOFIRMA-INTERNACIONAL-EIL-logo.png\",\"width\":1599,\"height\":675,\"caption\":\"ECOFIRMA Internacional\"},\"image\":{\"@id\":\"https:\\\/\\\/novoecofirmail.erudis.pt\\\/#\\\/schema\\\/logo\\\/image\\\/\"},\"sameAs\":[\"https:\\\/\\\/www.facebook.com\\\/EcoEcofirma\",\"https:\\\/\\\/www.linkedin.com\\\/company\\\/grupoecofirma\"]},{\"@type\":\"Person\",\"@id\":\"https:\\\/\\\/novoecofirmail.erudis.pt\\\/#\\\/schema\\\/person\\\/edda9b8d093392eaf7e42870c6f5fb89\",\"name\":\"Marketing Ecofirma\",\"url\":\"https:\\\/\\\/www.ecofirmail.com\\\/fr\\\/author\\\/marketing\\\/\"}]}<\/script>\n<!-- \/ Yoast SEO plugin. -->","yoast_head_json":{"title":"GRUPO ECOFIRMA - Pioneiros na Sustentabilidade Empresarial e Ambiental - ECOFIRMA Internacional","robots":{"index":"index","follow":"follow","max-snippet":"max-snippet:-1","max-image-preview":"max-image-preview:large","max-video-preview":"max-video-preview:-1"},"canonical":"https:\/\/novoecofirmail.erudis.pt\/grupo-ecofirma-pioneiros-na-sustentabilidade-empresarial-e-ambiental-em-angola\/","og_locale":"fr_FR","og_type":"article","og_title":"GRUPO ECOFIRMA - Pioneiros na Sustentabilidade Empresarial e Ambiental - ECOFIRMA Internacional","og_description":"Uma piscina oferece in\u00fameros benef\u00edcios para a sa\u00fade, servindo tanto como um local perfeito para exerc\u00edcios cardiovasculares quanto como um espa\u00e7o para momentos incr\u00edveis com a fam\u00edlia e amigos. No entanto, o que muitas pessoas n\u00e3o consideram \u00e9 a responsabilidade envolvida em ter uma piscina na sua propriedade.","og_url":"https:\/\/novoecofirmail.erudis.pt\/grupo-ecofirma-pioneiros-na-sustentabilidade-empresarial-e-ambiental-em-angola\/","og_site_name":"ECOFIRMA Internacional","article_publisher":"https:\/\/www.facebook.com\/EcoEcofirma","article_published_time":"2024-08-14T14:21:39+00:00","article_modified_time":"2026-04-08T13:26:20+00:00","og_image":[{"width":1920,"height":1280,"url":"https:\/\/novoecofirmail.erudis.pt\/wp-content\/uploads\/2024\/08\/ECOFIRMA-barragens-reservatorios-injeccoes-piscinas-agua-ETA-ETAR-reabilitacao-impermeabilizacao-perfuracao-estruturas-ecologia-1.jpg?_t=1726158494","type":"image\/jpeg"}],"author":"Marketing Ecofirma","twitter_card":"summary_large_image","twitter_misc":{"\u00c9crit par":"Marketing Ecofirma","Dur\u00e9e de lecture estim\u00e9e":"4 minutes"},"schema":{"@context":"https:\/\/schema.org","@graph":[{"@type":"Article","@id":"https:\/\/novoecofirmail.erudis.pt\/grupo-ecofirma-pioneiros-na-sustentabilidade-empresarial-e-ambiental-em-angola\/#article","isPartOf":{"@id":"https:\/\/novoecofirmail.erudis.pt\/grupo-ecofirma-pioneiros-na-sustentabilidade-empresarial-e-ambiental-em-angola\/"},"author":{"name":"Marketing Ecofirma","@id":"https:\/\/novoecofirmail.erudis.pt\/#\/schema\/person\/edda9b8d093392eaf7e42870c6f5fb89"},"headline":"GRUPO ECOFIRMA &#8211; Pioneiros na Sustentabilidade Empresarial e Ambiental","datePublished":"2024-08-14T14:21:39+00:00","dateModified":"2026-04-08T13:26:20+00:00","mainEntityOfPage":{"@id":"https:\/\/novoecofirmail.erudis.pt\/grupo-ecofirma-pioneiros-na-sustentabilidade-empresarial-e-ambiental-em-angola\/"},"wordCount":773,"publisher":{"@id":"https:\/\/novoecofirmail.erudis.pt\/#organization"},"image":{"@id":"https:\/\/novoecofirmail.erudis.pt\/grupo-ecofirma-pioneiros-na-sustentabilidade-empresarial-e-ambiental-em-angola\/#primaryimage"},"thumbnailUrl":"https:\/\/www.ecofirmail.com\/wp-content\/uploads\/2024\/08\/ECOFIRMA-barragens-reservatorios-injeccoes-piscinas-agua-ETA-ETAR-reabilitacao-impermeabilizacao-perfuracao-estruturas-ecologia-1.jpg","articleSection":["Sustentabilidade"],"inLanguage":"fr-FR"},{"@type":"WebPage","@id":"https:\/\/novoecofirmail.erudis.pt\/grupo-ecofirma-pioneiros-na-sustentabilidade-empresarial-e-ambiental-em-angola\/","url":"https:\/\/novoecofirmail.erudis.pt\/grupo-ecofirma-pioneiros-na-sustentabilidade-empresarial-e-ambiental-em-angola\/","name":"GRUPO ECOFIRMA - Pioneiros na Sustentabilidade Empresarial e Ambiental - ECOFIRMA Internacional","isPartOf":{"@id":"https:\/\/novoecofirmail.erudis.pt\/#website"},"primaryImageOfPage":{"@id":"https:\/\/novoecofirmail.erudis.pt\/grupo-ecofirma-pioneiros-na-sustentabilidade-empresarial-e-ambiental-em-angola\/#primaryimage"},"image":{"@id":"https:\/\/novoecofirmail.erudis.pt\/grupo-ecofirma-pioneiros-na-sustentabilidade-empresarial-e-ambiental-em-angola\/#primaryimage"},"thumbnailUrl":"https:\/\/www.ecofirmail.com\/wp-content\/uploads\/2024\/08\/ECOFIRMA-barragens-reservatorios-injeccoes-piscinas-agua-ETA-ETAR-reabilitacao-impermeabilizacao-perfuracao-estruturas-ecologia-1.jpg","datePublished":"2024-08-14T14:21:39+00:00","dateModified":"2026-04-08T13:26:20+00:00","breadcrumb":{"@id":"https:\/\/novoecofirmail.erudis.pt\/grupo-ecofirma-pioneiros-na-sustentabilidade-empresarial-e-ambiental-em-angola\/#breadcrumb"},"inLanguage":"fr-FR","potentialAction":[{"@type":"ReadAction","target":["https:\/\/novoecofirmail.erudis.pt\/grupo-ecofirma-pioneiros-na-sustentabilidade-empresarial-e-ambiental-em-angola\/"]}]},{"@type":"ImageObject","inLanguage":"fr-FR","@id":"https:\/\/novoecofirmail.erudis.pt\/grupo-ecofirma-pioneiros-na-sustentabilidade-empresarial-e-ambiental-em-angola\/#primaryimage","url":"https:\/\/www.ecofirmail.com\/wp-content\/uploads\/2024\/08\/ECOFIRMA-barragens-reservatorios-injeccoes-piscinas-agua-ETA-ETAR-reabilitacao-impermeabilizacao-perfuracao-estruturas-ecologia-1.jpg","contentUrl":"https:\/\/www.ecofirmail.com\/wp-content\/uploads\/2024\/08\/ECOFIRMA-barragens-reservatorios-injeccoes-piscinas-agua-ETA-ETAR-reabilitacao-impermeabilizacao-perfuracao-estruturas-ecologia-1.jpg","width":1920,"height":1280},{"@type":"BreadcrumbList","@id":"https:\/\/novoecofirmail.erudis.pt\/grupo-ecofirma-pioneiros-na-sustentabilidade-empresarial-e-ambiental-em-angola\/#breadcrumb","itemListElement":[{"@type":"ListItem","position":1,"name":"In\u00edcio","item":"https:\/\/novoecofirmail.erudis.pt\/"},{"@type":"ListItem","position":2,"name":"GRUPO ECOFIRMA &#8211; Pioneiros na Sustentabilidade Empresarial e Ambiental em Angola"}]},{"@type":"WebSite","@id":"https:\/\/novoecofirmail.erudis.pt\/#website","url":"https:\/\/novoecofirmail.erudis.pt\/","name":"ECOFIRMA Internacional","description":"Ligamos engenharia, \u00e1gua e sustentabilidade em projetos de elevada exig\u00eancia t\u00e9cnica","publisher":{"@id":"https:\/\/novoecofirmail.erudis.pt\/#organization"},"potentialAction":[{"@type":"SearchAction","target":{"@type":"EntryPoint","urlTemplate":"https:\/\/novoecofirmail.erudis.pt\/?s={search_term_string}"},"query-input":{"@type":"PropertyValueSpecification","valueRequired":true,"valueName":"search_term_string"}}],"inLanguage":"fr-FR"},{"@type":"Organization","@id":"https:\/\/novoecofirmail.erudis.pt\/#organization","name":"ECOFIRMA Internacional","url":"https:\/\/novoecofirmail.erudis.pt\/","logo":{"@type":"ImageObject","inLanguage":"fr-FR","@id":"https:\/\/novoecofirmail.erudis.pt\/#\/schema\/logo\/image\/","url":"https:\/\/www.ecofirmail.com\/wp-content\/uploads\/2021\/11\/ECOFIRMA-INTERNACIONAL-EIL-logo.png","contentUrl":"https:\/\/www.ecofirmail.com\/wp-content\/uploads\/2021\/11\/ECOFIRMA-INTERNACIONAL-EIL-logo.png","width":1599,"height":675,"caption":"ECOFIRMA Internacional"},"image":{"@id":"https:\/\/novoecofirmail.erudis.pt\/#\/schema\/logo\/image\/"},"sameAs":["https:\/\/www.facebook.com\/EcoEcofirma","https:\/\/www.linkedin.com\/company\/grupoecofirma"]},{"@type":"Person","@id":"https:\/\/novoecofirmail.erudis.pt\/#\/schema\/person\/edda9b8d093392eaf7e42870c6f5fb89","name":"Marketing Ecofirma","url":"https:\/\/www.ecofirmail.com\/fr\/author\/marketing\/"}]}},"_links":{"self":[{"href":"https:\/\/www.ecofirmail.com\/fr\/wp-json\/wp\/v2\/posts\/9695","targetHints":{"allow":["GET"]}}],"collection":[{"href":"https:\/\/www.ecofirmail.com\/fr\/wp-json\/wp\/v2\/posts"}],"about":[{"href":"https:\/\/www.ecofirmail.com\/fr\/wp-json\/wp\/v2\/types\/post"}],"author":[{"embeddable":true,"href":"https:\/\/www.ecofirmail.com\/fr\/wp-json\/wp\/v2\/users\/4"}],"replies":[{"embeddable":true,"href":"https:\/\/www.ecofirmail.com\/fr\/wp-json\/wp\/v2\/comments?post=9695"}],"version-history":[{"count":15,"href":"https:\/\/www.ecofirmail.com\/fr\/wp-json\/wp\/v2\/posts\/9695\/revisions"}],"predecessor-version":[{"id":10180,"href":"https:\/\/www.ecofirmail.com\/fr\/wp-json\/wp\/v2\/posts\/9695\/revisions\/10180"}],"wp:featuredmedia":[{"embeddable":true,"href":"https:\/\/www.ecofirmail.com\/fr\/wp-json\/wp\/v2\/media\/9703"}],"wp:attachment":[{"href":"https:\/\/www.ecofirmail.com\/fr\/wp-json\/wp\/v2\/media?parent=9695"}],"wp:term":[{"taxonomy":"category","embeddable":true,"href":"https:\/\/www.ecofirmail.com\/fr\/wp-json\/wp\/v2\/categories?post=9695"},{"taxonomy":"post_tag","embeddable":true,"href":"https:\/\/www.ecofirmail.com\/fr\/wp-json\/wp\/v2\/tags?post=9695"}],"curies":[{"name":"wp","href":"https:\/\/api.w.org\/{rel}","templated":true}]}}